{"id":20228,"date":"2020-06-05T16:23:54","date_gmt":"2020-06-05T14:23:54","guid":{"rendered":"https:\/\/www.prachelle.com\/evolution-of-leggings\/"},"modified":"2020-06-05T21:08:56","modified_gmt":"2020-06-05T19:08:56","slug":"levolution-des-leggings","status":"publish","type":"post","link":"https:\/\/www.prachelle.com\/fr\/levolution-des-leggings\/","title":{"rendered":"L&rsquo;\u00e9volution des leggings"},"content":{"rendered":"\n<style type=\"text\/css\" data-created_by=\"avia_inline_auto\" id=\"style-css-av-k0gxhw4p-99a15e23f819745f976e6ba4e97e40af\">\n.avia-image-container.av-k0gxhw4p-99a15e23f819745f976e6ba4e97e40af img.avia_image{\nbox-shadow:none;\n}\n.avia-image-container.av-k0gxhw4p-99a15e23f819745f976e6ba4e97e40af .av-image-caption-overlay-center{\ncolor:#ffffff;\n}\n<\/style>\n<div  class='avia-image-container av-k0gxhw4p-99a15e23f819745f976e6ba4e97e40af av-styling-no-styling avia-align-center  avia-builder-el-0  el_before_av_two_third  avia-builder-el-first '   itemprop=\"image\" itemscope=\"itemscope\" itemtype=\"https:\/\/schema.org\/ImageObject\" ><div class=\"avia-image-container-inner\"><div class=\"avia-image-overlay-wrap\"><img decoding=\"async\" fetchpriority=\"high\" class='wp-image-20221 avia-img-lazy-loading-not-20221 avia_image ' src=\"https:\/\/www.prachelle.com\/wp-content\/uploads\/2020\/06\/3872997.jpg\" alt='' title='3872997'  height=\"700\" width=\"1500\"  itemprop=\"thumbnailUrl\" srcset=\"https:\/\/www.prachelle.com\/wp-content\/uploads\/2020\/06\/3872997.jpg 1500w, https:\/\/www.prachelle.com\/wp-content\/uploads\/2020\/06\/3872997-1000x467.jpg 1000w, https:\/\/www.prachelle.com\/wp-content\/uploads\/2020\/06\/3872997-300x140.jpg 300w, https:\/\/www.prachelle.com\/wp-content\/uploads\/2020\/06\/3872997-1030x481.jpg 1030w, https:\/\/www.prachelle.com\/wp-content\/uploads\/2020\/06\/3872997-768x358.jpg 768w, https:\/\/www.prachelle.com\/wp-content\/uploads\/2020\/06\/3872997-705x329.jpg 705w\" sizes=\"(max-width: 1500px) 100vw, 1500px\" \/><\/div><\/div><\/div>\n\n<style type=\"text\/css\" data-created_by=\"avia_inline_auto\" id=\"style-css-av-20j7f6-073a31e31fb204a9b92e50318b30e166\">\n.flex_column.av-20j7f6-073a31e31fb204a9b92e50318b30e166{\nborder-radius:0px 0px 0px 0px;\npadding:0px 0px 0px 0px;\n}\n<\/style>\n<div  class='flex_column av-20j7f6-073a31e31fb204a9b92e50318b30e166 av_two_third  avia-builder-el-1  el_after_av_image  el_before_av_one_third  first flex_column_div av-zero-column-padding  '     ><style type=\"text\/css\" data-created_by=\"avia_inline_auto\" id=\"style-css-av-kb2arsrb-30219189471cf86937881a08df681342\">\n#top .av-special-heading.av-kb2arsrb-30219189471cf86937881a08df681342{\npadding-bottom:10px;\n}\nbody .av-special-heading.av-kb2arsrb-30219189471cf86937881a08df681342 .av-special-heading-tag .heading-char{\nfont-size:25px;\n}\n.av-special-heading.av-kb2arsrb-30219189471cf86937881a08df681342 .av-subheading{\nfont-size:15px;\n}\n<\/style>\n<div  class='av-special-heading av-kb2arsrb-30219189471cf86937881a08df681342 av-special-heading-h1 blockquote modern-quote  avia-builder-el-2  avia-builder-el-no-sibling  av-linked-heading'><h1 class='av-special-heading-tag '  itemprop=\"headline\"  >L\u2019\u00e9volution des leggings<\/h1><div class=\"special-heading-border\"><div class=\"special-heading-inner-border\"><\/div><\/div><\/div><\/div>\n<style type=\"text\/css\" data-created_by=\"avia_inline_auto\" id=\"style-css-av-h81bm-16caec8b9ab49e250f834c2e9e8ac295\">\n.flex_column.av-h81bm-16caec8b9ab49e250f834c2e9e8ac295{\nborder-radius:0px 0px 0px 0px;\npadding:0px 0px 0px 0px;\n}\n<\/style>\n<div  class='flex_column av-h81bm-16caec8b9ab49e250f834c2e9e8ac295 av_one_third  avia-builder-el-3  el_after_av_two_third  el_before_av_one_full  flex_column_div av-zero-column-padding  '     ><div  class='av-social-sharing-box av-2um0wi-d3614efbda08b7e071fbc142bf6c5090 av-social-sharing-box-default  avia-builder-el-4  avia-builder-el-no-sibling  av-social-sharing-box-fullwidth'><div class=\"av-share-box\"><h5 class='av-share-link-description av-no-toc '>Partager cet article<\/h5><ul class=\"av-share-box-list noLightbox\"><li class='av-share-link av-social-link-facebook avia_social_iconfont' ><a target=\"_blank\" aria-label=\"Partager sur Facebook\" href='https:\/\/www.facebook.com\/sharer.php?u=https:\/\/www.prachelle.com\/fr\/levolution-des-leggings\/&#038;t=L%E2%80%99%C3%A9volution%20des%20leggings' data-av_icon='\ue8f3' data-av_iconfont='entypo-fontello'  title='' data-avia-related-tooltip='Partager sur Facebook'><span class='avia_hidden_link_text'>Partager sur Facebook<\/span><\/a><\/li><li class='av-share-link av-social-link-twitter avia_social_iconfont' ><a target=\"_blank\" aria-label=\"Partager sur X\" href='https:\/\/twitter.com\/share?text=L%E2%80%99%C3%A9volution%20des%20leggings&#038;url=https:\/\/www.prachelle.com\/fr\/?p=20228' data-av_icon='\ue932' data-av_iconfont='entypo-fontello'  title='' data-avia-related-tooltip='Partager sur X'><span class='avia_hidden_link_text'>Partager sur X<\/span><\/a><\/li><li class='av-share-link av-social-link-pinterest avia_social_iconfont' ><a target=\"_blank\" aria-label=\"Partager sur Pinterest\" href='https:\/\/pinterest.com\/pin\/create\/button\/?url=https%3A%2F%2Fwww.prachelle.com%2Ffr%2Flevolution-des-leggings%2F&#038;description=L%E2%80%99%C3%A9volution%20des%20leggings&#038;media=https%3A%2F%2Fwww.prachelle.com%2Fwp-content%2Fuploads%2F2020%2F06%2F3872997-705x329.jpg' data-av_icon='\ue8f8' data-av_iconfont='entypo-fontello'  title='' data-avia-related-tooltip='Partager sur Pinterest'><span class='avia_hidden_link_text'>Partager sur Pinterest<\/span><\/a><\/li><li class='av-share-link av-social-link-mail avia_social_iconfont' ><a  aria-label=\"Partager par Mail\" href='mailto:?subject=L%E2%80%99%C3%A9volution%20des%20leggings&#038;body=https:\/\/www.prachelle.com\/fr\/levolution-des-leggings\/' data-av_icon='\ue805' data-av_iconfont='entypo-fontello'  title='' data-avia-related-tooltip='Partager par Mail'><span class='avia_hidden_link_text'>Partager par Mail<\/span><\/a><\/li><\/ul><\/div><\/div><\/div><\/p>\n\n<style type=\"text\/css\" data-created_by=\"avia_inline_auto\" id=\"style-css-av-20j7f6-073a31e31fb204a9b92e50318b30e166\">\n.flex_column.av-20j7f6-073a31e31fb204a9b92e50318b30e166{\nborder-radius:0px 0px 0px 0px;\npadding:0px 0px 0px 0px;\n}\n<\/style>\n<div  class='flex_column av-20j7f6-073a31e31fb204a9b92e50318b30e166 av_one_full  avia-builder-el-5  el_after_av_one_third  avia-builder-el-last  first flex_column_div av-zero-column-padding  column-top-margin'     ><section  class='av_textblock_section av-k0fcp69s-bfe992b4fa778440db146150efc9de65 '   itemscope=\"itemscope\" itemtype=\"https:\/\/schema.org\/BlogPosting\" itemprop=\"blogPost\" ><div class='avia_textblock'  itemprop=\"text\" ><p>Les leggings sont tellement \u00e0 la mode en ce moment. Presque tous les jours, vous verrez une femme ou une jeune fille porter ce type de v\u00eatement. Les jeunes filles pensent que ces v\u00eatements ne sont utilis\u00e9s que depuis quelques ann\u00e9es, mais les leggings ont \u00e9t\u00e9 utilis\u00e9s par les hommes et les femmes m\u00eame pendant la Renaissance. Oui, cela fait plus que quelques ann\u00e9es, plus que 50 ans en fait. Vous avez vu ces v\u00eatements dans des films p\u00e9riodiques, mais vous ne les remarquez pas parce qu&rsquo;ils sont port\u00e9s par des hommes. Le mat\u00e9riau est diff\u00e9rent et son aspect est diff\u00e9rent de ce que nous voyons maintenant, donc les gens ne les remarquent pas. Comme tous les autres objets et inventions de ce monde, les leggings ont aussi leur propre histoire, mais au fil du temps, elle change.<\/p>\n<p>Auparavant, les leggings \u00e9taient port\u00e9s pour prot\u00e9ger la peau contre l&rsquo;\u00e9quitation ou ils sont port\u00e9s par les chasseurs pour qu&rsquo;ils puissent chasser facilement. Il \u00e9tait m\u00eame utilis\u00e9 comme \u00e9l\u00e9ment de l&rsquo;uniforme militaire. Imaginez des soldats portant des leggings. Au fil des ans, les gens portent ce v\u00eatement quand il fait trop froid. Les pays qui ont la saison d&rsquo;hiver incluent des leggings qui ont un mat\u00e9riau diff\u00e9rent sp\u00e9cifiquement pour le temps. Aujourd&rsquo;hui, bien qu&rsquo;il soit encore port\u00e9 en hiver, vous verrez des gens porter des leggings au milieu de l&rsquo;\u00e9t\u00e9 avec leur haut \u00e0 fleurs pour s&rsquo;adapter \u00e0 la saison. De nos jours, les leggings sont donc port\u00e9s \u00e0 des fins de mode. Il peut d\u00e9sormais \u00eatre port\u00e9 n&rsquo;importe quand, n&rsquo;importe o\u00f9, quelle que soit la temp\u00e9rature.<\/p>\n<p>Il existe diff\u00e9rents types de mat\u00e9riaux utilis\u00e9s pour les leggings. Les mat\u00e9riaux sont le coton, le lycra, le spandex, le nylon, la soie ou le polyester. Ce sont les mat\u00e9riaux les plus courants qui sont utilis\u00e9s pour les v\u00eatements ordinaires ou de tous les jours. Si les leggings sont destin\u00e9s au temps froid, la mati\u00e8re peut \u00eatre de la laine. Cela vous r\u00e9chauffera mieux. Les leggings sont g\u00e9n\u00e9ralement fins, il est donc pr\u00e9f\u00e9rable d&rsquo;utiliser un autre mat\u00e9riau pour le temps froid. En raison des diff\u00e9rents mat\u00e9riaux qui peuvent \u00eatre utilis\u00e9s, il est possible de les associer \u00e0 d&rsquo;autres mat\u00e9riaux pour les v\u00eatements. C&rsquo;est tr\u00e8s \u00e0 la mode car non seulement il y a des mat\u00e9riaux diff\u00e9rents, mais aussi des couleurs et des motifs diff\u00e9rents qui peuvent \u00eatre utilis\u00e9s. Autrefois, les leggings \u00e9taient uniquement en noir et blanc, mais aujourd&rsquo;hui, on peut les voir dans des couleurs vives et des motifs uniques. Le fait de les voir avec des motifs diff\u00e9rents les rend plus \u00e0 la mode et plus \u00e9l\u00e9gants. Pour les hommes, cependant, ils pr\u00e9f\u00e8rent porter des leggings unis, de pr\u00e9f\u00e9rence noirs.<\/p>\n<div class=\"onecolumn-category-wrapper-swiper\">\n\t\t\t\t\t\t<div class=\"swiper-container onecolumn-category-swiper multiplecolumn_4\" data-swiper-slidesperview=\"4\">\n\t\t\t\t\t\t\t<div class=\"swiper-wrapper woocommerce\"><div class=\"swiper-slide\">\n\t\t\t\t\t\t\t\t\t<div class=\"thumbnail_container\" style=\"overflow: visible; padding-bottom: 7px;\">\n\t\t\t\t\t\t\t\t\t\t<a href=\"https:\/\/www.prachelle.com\/fr\/capris-france\/versailles-capri-marbre-dore-avec-bandes\/\"><img decoding=\"async\" src=\"https:\/\/www.prachelle.com\/wp-content\/uploads\/2020\/05\/cp_01_4b-44-500x750.jpg\" alt=\"Versailles | Capri Marbre Dor\u00e9 avec Bandes\" \/><\/a><\/div>\n\t\t\t\t\t\t\t\t\t<h2 class=\"woocommerce-loop-product__title\" style=\"text-align: center\"><a href=\"https:\/\/www.prachelle.com\/fr\/capris-france\/versailles-capri-marbre-dore-avec-bandes\/\">Versailles | Capri Marbre Dor\u00e9 avec Bandes<\/a><\/h2>\n\t\t\t\t\t\t\t\t\t<p style=\"margin-bottom:0; margin-top: 2px; text-align: center\"><span class=\"price\"><span class=\"woocommerce-Price-amount amount\"><bdi>35,00<span class=\"woocommerce-Price-currencySymbol\">&euro;<\/span><\/bdi><\/span><\/span><\/p><\/div><div class=\"swiper-slide\">\n\t\t\t\t\t\t\t\t\t<div class=\"thumbnail_container\" style=\"overflow: visible; padding-bottom: 7px;\">\n\t\t\t\t\t\t\t\t\t\t<a href=\"https:\/\/www.prachelle.com\/fr\/leggings-france\/leggings-techniques-rouge-bordeaux-uni-avec-bandes\/\"><img decoding=\"async\" src=\"https:\/\/www.prachelle.com\/wp-content\/uploads\/2020\/05\/22b_52_2t-500x750.jpg\" alt=\"Leggings Techniques Rouge Bordeaux uni avec bandes\" \/><\/a><\/div>\n\t\t\t\t\t\t\t\t\t<h2 class=\"woocommerce-loop-product__title\" style=\"text-align: center\"><a href=\"https:\/\/www.prachelle.com\/fr\/leggings-france\/leggings-techniques-rouge-bordeaux-uni-avec-bandes\/\">Leggings Techniques Rouge Bordeaux uni avec bandes<\/a><\/h2>\n\t\t\t\t\t\t\t\t\t<p style=\"margin-bottom:0; margin-top: 2px; text-align: center\"><span class=\"price\"><span class=\"woocommerce-Price-amount amount\"><bdi>35,00<span class=\"woocommerce-Price-currencySymbol\">&euro;<\/span><\/bdi><\/span><\/span><\/p><\/div><div class=\"swiper-slide\">\n\t\t\t\t\t\t\t\t\t<div class=\"thumbnail_container\" style=\"overflow: visible; padding-bottom: 7px;\">\n\t\t\t\t\t\t\t\t\t\t<a href=\"https:\/\/www.prachelle.com\/fr\/leggings-france\/leggings-techniques-rose-incarnadin-uni\/\"><img decoding=\"async\" src=\"https:\/\/www.prachelle.com\/wp-content\/uploads\/2020\/05\/77-5-1-500x750.jpg\" alt=\"Leggings Techniques Rose Incarnadin uni\" \/><\/a><\/div>\n\t\t\t\t\t\t\t\t\t<h2 class=\"woocommerce-loop-product__title\" style=\"text-align: center\"><a href=\"https:\/\/www.prachelle.com\/fr\/leggings-france\/leggings-techniques-rose-incarnadin-uni\/\">Leggings Techniques Rose Incarnadin uni<\/a><\/h2>\n\t\t\t\t\t\t\t\t\t<p style=\"margin-bottom:0; margin-top: 2px; text-align: center\"><span class=\"price\"><span class=\"woocommerce-Price-amount amount\"><bdi>35,00<span class=\"woocommerce-Price-currencySymbol\">&euro;<\/span><\/bdi><\/span><\/span><\/p><\/div><div class=\"swiper-slide\">\n\t\t\t\t\t\t\t\t\t<div class=\"thumbnail_container\" style=\"overflow: visible; padding-bottom: 7px;\">\n\t\t\t\t\t\t\t\t\t\t<a href=\"https:\/\/www.prachelle.com\/fr\/sports-bras-france\/pop-colors-brassiere-de-sport-coloree\/\"><img decoding=\"async\" src=\"https:\/\/www.prachelle.com\/wp-content\/uploads\/2020\/05\/sp_17_1b-1-500x750.jpg\" alt=\"Pop Colors | Brassi\u00e8re de sport color\u00e9e\" \/><\/a><\/div>\n\t\t\t\t\t\t\t\t\t<h2 class=\"woocommerce-loop-product__title\" style=\"text-align: center\"><a href=\"https:\/\/www.prachelle.com\/fr\/sports-bras-france\/pop-colors-brassiere-de-sport-coloree\/\">Pop Colors | Brassi\u00e8re de sport color\u00e9e<\/a><\/h2>\n\t\t\t\t\t\t\t\t\t<p style=\"margin-bottom:0; margin-top: 2px; text-align: center\"><span class=\"price\"><span class=\"woocommerce-Price-amount amount\"><bdi>35,00<span class=\"woocommerce-Price-currencySymbol\">&euro;<\/span><\/bdi><\/span><\/span><\/p><\/div><div class=\"swiper-slide\">\n\t\t\t\t\t\t\t\t\t<div class=\"thumbnail_container\" style=\"overflow: visible; padding-bottom: 7px;\">\n\t\t\t\t\t\t\t\t\t\t<a href=\"https:\/\/www.prachelle.com\/fr\/leggings-france\/rosee-du-matin-leggings-prachelle-roses\/\"><img decoding=\"async\" src=\"https:\/\/www.prachelle.com\/wp-content\/uploads\/2020\/05\/01_04_2ter-500x750.jpg\" alt=\"Ros\u00e9e du matin | Leggings Prachelle Roses\" \/><\/a><\/div>\n\t\t\t\t\t\t\t\t\t<h2 class=\"woocommerce-loop-product__title\" style=\"text-align: center\"><a href=\"https:\/\/www.prachelle.com\/fr\/leggings-france\/rosee-du-matin-leggings-prachelle-roses\/\">Ros\u00e9e du matin | Leggings Prachelle Roses<\/a><\/h2>\n\t\t\t\t\t\t\t\t\t<p style=\"margin-bottom:0; margin-top: 2px; text-align: center\"><span class=\"price\"><span class=\"woocommerce-Price-amount amount\"><bdi>39,00<span class=\"woocommerce-Price-currencySymbol\">&euro;<\/span><\/bdi><\/span><\/span><\/p><\/div><div class=\"swiper-slide\">\n\t\t\t\t\t\t\t\t\t<div class=\"thumbnail_container\" style=\"overflow: visible; padding-bottom: 7px;\">\n\t\t\t\t\t\t\t\t\t\t<a href=\"https:\/\/www.prachelle.com\/fr\/capris-france\/portor-capri-noir-marbre-dore-avec-bandes\/\"><img decoding=\"async\" src=\"https:\/\/www.prachelle.com\/wp-content\/uploads\/2020\/05\/cp_01_4b-46-500x750.jpg\" alt=\"Portor | Capri Noir Marbre Dor\u00e9 avec Bandes\" \/><\/a><\/div>\n\t\t\t\t\t\t\t\t\t<h2 class=\"woocommerce-loop-product__title\" style=\"text-align: center\"><a href=\"https:\/\/www.prachelle.com\/fr\/capris-france\/portor-capri-noir-marbre-dore-avec-bandes\/\">Portor | Capri Noir Marbre Dor\u00e9 avec Bandes<\/a><\/h2>\n\t\t\t\t\t\t\t\t\t<p style=\"margin-bottom:0; margin-top: 2px; text-align: center\"><span class=\"price\"><span class=\"woocommerce-Price-amount amount\"><bdi>35,00<span class=\"woocommerce-Price-currencySymbol\">&euro;<\/span><\/bdi><\/span><\/span><\/p><\/div><div class=\"swiper-slide\">\n\t\t\t\t\t\t\t\t\t<div class=\"thumbnail_container\" style=\"overflow: visible; padding-bottom: 7px;\">\n\t\t\t\t\t\t\t\t\t\t<a href=\"https:\/\/www.prachelle.com\/fr\/capris-france\/etoiles-filantes-capri-noir-etoile\/\"><img decoding=\"async\" src=\"https:\/\/www.prachelle.com\/wp-content\/uploads\/2020\/05\/cp_01_4b-12-500x750.jpg\" alt=\"\u00c9toiles filantes | Capri Noir \u00c9toil\u00e9\" \/><\/a><\/div>\n\t\t\t\t\t\t\t\t\t<h2 class=\"woocommerce-loop-product__title\" style=\"text-align: center\"><a href=\"https:\/\/www.prachelle.com\/fr\/capris-france\/etoiles-filantes-capri-noir-etoile\/\">\u00c9toiles filantes | Capri Noir \u00c9toil\u00e9<\/a><\/h2>\n\t\t\t\t\t\t\t\t\t<p style=\"margin-bottom:0; margin-top: 2px; text-align: center\"><span class=\"price\"><span class=\"woocommerce-Price-amount amount\"><bdi>35,00<span class=\"woocommerce-Price-currencySymbol\">&euro;<\/span><\/bdi><\/span><\/span><\/p><\/div><div class=\"swiper-slide\">\n\t\t\t\t\t\t\t\t\t<div class=\"thumbnail_container\" style=\"overflow: visible; padding-bottom: 7px;\">\n\t\t\t\t\t\t\t\t\t\t<a href=\"https:\/\/www.prachelle.com\/fr\/leggings-france\/leggings-techniques-gris-uni\/\"><img decoding=\"async\" src=\"https:\/\/www.prachelle.com\/wp-content\/uploads\/2020\/05\/4-5-5-500x750.jpg\" alt=\"Leggings Techniques Gris uni\" \/><\/a><\/div>\n\t\t\t\t\t\t\t\t\t<h2 class=\"woocommerce-loop-product__title\" style=\"text-align: center\"><a href=\"https:\/\/www.prachelle.com\/fr\/leggings-france\/leggings-techniques-gris-uni\/\">Leggings Techniques Gris uni<\/a><\/h2>\n\t\t\t\t\t\t\t\t\t<p style=\"margin-bottom:0; margin-top: 2px; text-align: center\"><span class=\"price\"><span class=\"woocommerce-Price-amount amount\"><bdi>35,00<span class=\"woocommerce-Price-currencySymbol\">&euro;<\/span><\/bdi><\/span><\/span><\/p><\/div><\/div><div class=\"swiper-button-next\"><\/div><div class=\"swiper-button-prev\"><\/div><\/div>\n\t\t\t<\/div>\n<p>Les leggings sont tr\u00e8s \u00e0 la mode et le seront encore dans les ann\u00e9es \u00e0 venir, jusqu&rsquo;\u00e0 ce qu&rsquo;un autre type de pantalon soit \u00e0 la mode. M\u00eame s&rsquo;il y aura du nouveau, les leggings seront toujours port\u00e9s par quelqu&rsquo;un, car ils ne sont pas difficiles \u00e0 porter et vous pouvez les porter n&rsquo;importe quand dans l&rsquo;ann\u00e9e. Vous pouvez le porter lors d&rsquo;une journ\u00e9e d\u00e9contract\u00e9e au centre commercial ou lors d&rsquo;une f\u00eate le soir. Qu&rsquo;ils soient unis ou de couleurs vives, les leggings seront port\u00e9s \u00e0 tout moment par quelqu&rsquo;un au centre commercial ou lors d&rsquo;une f\u00eate.<\/p>\n<\/div><\/section><\/div>\n","protected":false},"excerpt":{"rendered":"<p>Les leggings sont tellement \u00e0 la mode en ce moment. Presque tous les jours, vous verrez une femme ou une jeune fille porter ce type de v\u00eatement. Comme tous les objets et inventions de ce monde, les leggings ont aussi leur propre histoire, mais au fil du temps, celle-ci change.<\/p>\n","protected":false},"author":1,"featured_media":20221,"comment_status":"open","ping_status":"open","sticky":false,"template":"","format":"standard","meta":{"_acf_changed":false,"inline_featured_image":false,"footnotes":""},"categories":[602],"tags":[],"class_list":["post-20228","post","type-post","status-publish","format-standard","has-post-thumbnail","hentry","category-style-de-vie"],"acf":[],"_links":{"self":[{"href":"https:\/\/www.prachelle.com\/fr\/wp-json\/wp\/v2\/posts\/20228","targetHints":{"allow":["GET"]}}],"collection":[{"href":"https:\/\/www.prachelle.com\/fr\/wp-json\/wp\/v2\/posts"}],"about":[{"href":"https:\/\/www.prachelle.com\/fr\/wp-json\/wp\/v2\/types\/post"}],"author":[{"embeddable":true,"href":"https:\/\/www.prachelle.com\/fr\/wp-json\/wp\/v2\/users\/1"}],"replies":[{"embeddable":true,"href":"https:\/\/www.prachelle.com\/fr\/wp-json\/wp\/v2\/comments?post=20228"}],"version-history":[{"count":2,"href":"https:\/\/www.prachelle.com\/fr\/wp-json\/wp\/v2\/posts\/20228\/revisions"}],"predecessor-version":[{"id":20231,"href":"https:\/\/www.prachelle.com\/fr\/wp-json\/wp\/v2\/posts\/20228\/revisions\/20231"}],"wp:featuredmedia":[{"embeddable":true,"href":"https:\/\/www.prachelle.com\/fr\/wp-json\/wp\/v2\/media\/20221"}],"wp:attachment":[{"href":"https:\/\/www.prachelle.com\/fr\/wp-json\/wp\/v2\/media?parent=20228"}],"wp:term":[{"taxonomy":"category","embeddable":true,"href":"https:\/\/www.prachelle.com\/fr\/wp-json\/wp\/v2\/categories?post=20228"},{"taxonomy":"post_tag","embeddable":true,"href":"https:\/\/www.prachelle.com\/fr\/wp-json\/wp\/v2\/tags?post=20228"}],"curies":[{"name":"wp","href":"https:\/\/api.w.org\/{rel}","templated":true}]}}